{"id":9360,"date":"2026-03-10T18:09:56","date_gmt":"2026-03-10T17:09:56","guid":{"rendered":"https:\/\/oemmespa.com\/por-fesr-2014-2020-appel-a-propositions-dgr-819-2018-region-emilie-romagne\/"},"modified":"2026-03-10T18:09:56","modified_gmt":"2026-03-10T17:09:56","slug":"por-fesr-2014-2020-appel-a-propositions-dgr-819-2018-region-emilie-romagne","status":"publish","type":"post","link":"https:\/\/oemmespa.com\/fr\/por-fesr-2014-2020-appel-a-propositions-dgr-819-2018-region-emilie-romagne\/","title":{"rendered":"POR-FESR 2014-2020 Appel \u00e0 propositions DGR 819\/2018 &#8211; R\u00e9gion Emilie-Romagne"},"content":{"rendered":"<p>Nous avons le plaisir de vous annoncer que le 30\/04\/2020 nous avons \u00e9t\u00e9 notifi\u00e9s de la subvention accord\u00e9e par la R\u00e9gion Emilia Romagna dans le cadre des activit\u00e9s de promotion des exportations et de participation aux salons \u00e0 l&rsquo;\u00e9tranger de l&rsquo;appel POR-FESR 2014-2020.<br \/>\nCela nous a permis de financer notre participation en tant qu&rsquo;exposants \u00e0 trois salons importants du secteur :<\/p>\n<p> Zak<strong>Doors and Windows 2018, Mumbai, India<\/strong><\/p>\n<p><strong>GlassBuild America 2019, Atlanta, USA<\/strong><\/p>\n<p><strong>Batimat 2019, Paris, France<\/strong><\/p>\n<p>Pour plus d&rsquo;informations sur le projet et pour conna\u00eetre les d\u00e9tails, les objectifs et les r\u00e9sultats obtenus, veuillez nous contacter \u00e0 l&rsquo;adresse <a href=\"mailto:sales@oemmespa.com\">sales@oemmespa.com<\/a> ou par t\u00e9l\u00e9phone aux num\u00e9ros indiqu\u00e9s dans la section \u00a0\u00bbContact\u00a0\u00bb de notre site web.<\/p>\n<p>&nbsp;<\/p>\n<p>&nbsp;<\/p>\n<p>&nbsp;<\/p>\n","protected":false},"excerpt":{"rendered":"<p>Nous avons le plaisir de vous annoncer que le 30\/04\/2020 nous avons \u00e9t\u00e9 notifi\u00e9s de la subvention accord\u00e9e par la R\u00e9gion Emilia Romagna dans le cadre des activit\u00e9s de promotion des exportations et de participation aux salons \u00e0 l&rsquo;\u00e9tranger de l&rsquo;appel POR-FESR 2014-2020. Cela nous a permis de financer notre participation en tant qu&rsquo;exposants \u00e0 [&hellip;]<\/p>\n","protected":false},"author":4,"featured_media":6736,"comment_status":"closed","ping_status":"closed","sticky":false,"template":"","format":"standard","meta":{"footnotes":""},"categories":[19],"tags":[],"class_list":["post-9360","post","type-post","status-publish","format-standard","has-post-thumbnail","hentry","category-news-fr"],"yoast_head":"<!-- This site is optimized with the Yoast SEO plugin v27.2 - https:\/\/yoast.com\/product\/yoast-seo-wordpress\/ -->\n<title>POR-FESR 2014-2020 Appel \u00e0 propositions DGR 819\/2018 - R\u00e9gion Emilie-Romagne - OEMME SPA<\/title>\n<meta name=\"robots\" content=\"noindex, follow\" \/>\n<meta property=\"og:locale\" content=\"fr_FR\" \/>\n<meta property=\"og:type\" content=\"article\" \/>\n<meta property=\"og:title\" content=\"POR-FESR 2014-2020 Appel \u00e0 propositions DGR 819\/2018 - R\u00e9gion Emilie-Romagne - OEMME SPA\" \/>\n<meta property=\"og:description\" content=\"Nous avons le plaisir de vous annoncer que le 30\/04\/2020 nous avons \u00e9t\u00e9 notifi\u00e9s de la subvention accord\u00e9e par la R\u00e9gion Emilia Romagna dans le cadre des activit\u00e9s de promotion des exportations et de participation aux salons \u00e0 l&rsquo;\u00e9tranger de l&rsquo;appel POR-FESR 2014-2020. Cela nous a permis de financer notre participation en tant qu&rsquo;exposants \u00e0 [&hellip;]\" \/>\n<meta property=\"og:url\" content=\"https:\/\/oemmespa.com\/fr\/por-fesr-2014-2020-appel-a-propositions-dgr-819-2018-region-emilie-romagne\/\" \/>\n<meta property=\"og:site_name\" content=\"OEMME SPA\" \/>\n<meta property=\"article:published_time\" content=\"2026-03-10T17:09:56+00:00\" \/>\n<meta property=\"og:image\" content=\"https:\/\/oemmespa.com\/wp-content\/uploads\/2018\/11\/progetto-cofinanziato-regione-ER.jpg\" \/>\n\t<meta property=\"og:image:width\" content=\"985\" \/>\n\t<meta property=\"og:image:height\" content=\"206\" \/>\n\t<meta property=\"og:image:type\" content=\"image\/jpeg\" \/>\n<meta name=\"author\" content=\"Info OemmeSpa\" \/>\n<meta name=\"twitter:card\" content=\"summary_large_image\" \/>\n<meta name=\"twitter:label1\" content=\"\u00c9crit par\" \/>\n\t<meta name=\"twitter:data1\" content=\"Info OemmeSpa\" \/>\n\t<meta name=\"twitter:label2\" content=\"Dur\u00e9e de lecture estim\u00e9e\" \/>\n\t<meta name=\"twitter:data2\" content=\"1 minute\" \/>\n<script type=\"application\/ld+json\" class=\"yoast-schema-graph\">{\"@context\":\"https:\/\/schema.org\",\"@graph\":[{\"@type\":\"Article\",\"@id\":\"https:\/\/oemmespa.com\/fr\/por-fesr-2014-2020-appel-a-propositions-dgr-819-2018-region-emilie-romagne\/#article\",\"isPartOf\":{\"@id\":\"https:\/\/oemmespa.com\/fr\/por-fesr-2014-2020-appel-a-propositions-dgr-819-2018-region-emilie-romagne\/\"},\"author\":{\"name\":\"Info OemmeSpa\",\"@id\":\"https:\/\/oemmespa.com\/fr\/#\/schema\/person\/f0353184d412a5edd9381aa127be1c40\"},\"headline\":\"POR-FESR 2014-2020 Appel \u00e0 propositions DGR 819\/2018 &#8211; R\u00e9gion Emilie-Romagne\",\"datePublished\":\"2026-03-10T17:09:56+00:00\",\"mainEntityOfPage\":{\"@id\":\"https:\/\/oemmespa.com\/fr\/por-fesr-2014-2020-appel-a-propositions-dgr-819-2018-region-emilie-romagne\/\"},\"wordCount\":135,\"publisher\":{\"@id\":\"https:\/\/oemmespa.com\/fr\/#organization\"},\"image\":{\"@id\":\"https:\/\/oemmespa.com\/fr\/por-fesr-2014-2020-appel-a-propositions-dgr-819-2018-region-emilie-romagne\/#primaryimage\"},\"thumbnailUrl\":\"https:\/\/oemmespa.com\/wp-content\/uploads\/2018\/11\/progetto-cofinanziato-regione-ER.jpg\",\"articleSection\":[\"News\"],\"inLanguage\":\"fr-FR\"},{\"@type\":\"WebPage\",\"@id\":\"https:\/\/oemmespa.com\/fr\/por-fesr-2014-2020-appel-a-propositions-dgr-819-2018-region-emilie-romagne\/\",\"url\":\"https:\/\/oemmespa.com\/fr\/por-fesr-2014-2020-appel-a-propositions-dgr-819-2018-region-emilie-romagne\/\",\"name\":\"POR-FESR 2014-2020 Appel \u00e0 propositions DGR 819\/2018 - R\u00e9gion Emilie-Romagne - OEMME SPA\",\"isPartOf\":{\"@id\":\"https:\/\/oemmespa.com\/fr\/#website\"},\"primaryImageOfPage\":{\"@id\":\"https:\/\/oemmespa.com\/fr\/por-fesr-2014-2020-appel-a-propositions-dgr-819-2018-region-emilie-romagne\/#primaryimage\"},\"image\":{\"@id\":\"https:\/\/oemmespa.com\/fr\/por-fesr-2014-2020-appel-a-propositions-dgr-819-2018-region-emilie-romagne\/#primaryimage\"},\"thumbnailUrl\":\"https:\/\/oemmespa.com\/wp-content\/uploads\/2018\/11\/progetto-cofinanziato-regione-ER.jpg\",\"datePublished\":\"2026-03-10T17:09:56+00:00\",\"breadcrumb\":{\"@id\":\"https:\/\/oemmespa.com\/fr\/por-fesr-2014-2020-appel-a-propositions-dgr-819-2018-region-emilie-romagne\/#breadcrumb\"},\"inLanguage\":\"fr-FR\",\"potentialAction\":[{\"@type\":\"ReadAction\",\"target\":[\"https:\/\/oemmespa.com\/fr\/por-fesr-2014-2020-appel-a-propositions-dgr-819-2018-region-emilie-romagne\/\"]}]},{\"@type\":\"ImageObject\",\"inLanguage\":\"fr-FR\",\"@id\":\"https:\/\/oemmespa.com\/fr\/por-fesr-2014-2020-appel-a-propositions-dgr-819-2018-region-emilie-romagne\/#primaryimage\",\"url\":\"https:\/\/oemmespa.com\/wp-content\/uploads\/2018\/11\/progetto-cofinanziato-regione-ER.jpg\",\"contentUrl\":\"https:\/\/oemmespa.com\/wp-content\/uploads\/2018\/11\/progetto-cofinanziato-regione-ER.jpg\",\"width\":985,\"height\":206,\"caption\":\"financement_ER\"},{\"@type\":\"BreadcrumbList\",\"@id\":\"https:\/\/oemmespa.com\/fr\/por-fesr-2014-2020-appel-a-propositions-dgr-819-2018-region-emilie-romagne\/#breadcrumb\",\"itemListElement\":[{\"@type\":\"ListItem\",\"position\":1,\"name\":\"Home\",\"item\":\"https:\/\/oemmespa.com\/fr\/\"},{\"@type\":\"ListItem\",\"position\":2,\"name\":\"POR-FESR 2014-2020 Appel \u00e0 propositions DGR 819\/2018 &#8211; R\u00e9gion Emilie-Romagne\"}]},{\"@type\":\"WebSite\",\"@id\":\"https:\/\/oemmespa.com\/fr\/#website\",\"url\":\"https:\/\/oemmespa.com\/fr\/\",\"name\":\"OEMME SPA\",\"description\":\"MACCHINE PER LAVORAZIONE DI SISTEMI IN LEGA LEGGERA\",\"publisher\":{\"@id\":\"https:\/\/oemmespa.com\/fr\/#organization\"},\"potentialAction\":[{\"@type\":\"SearchAction\",\"target\":{\"@type\":\"EntryPoint\",\"urlTemplate\":\"https:\/\/oemmespa.com\/fr\/?s={search_term_string}\"},\"query-input\":{\"@type\":\"PropertyValueSpecification\",\"valueRequired\":true,\"valueName\":\"search_term_string\"}}],\"inLanguage\":\"fr-FR\"},{\"@type\":\"Organization\",\"@id\":\"https:\/\/oemmespa.com\/fr\/#organization\",\"name\":\"OEMME SPA\",\"url\":\"https:\/\/oemmespa.com\/fr\/\",\"logo\":{\"@type\":\"ImageObject\",\"inLanguage\":\"fr-FR\",\"@id\":\"https:\/\/oemmespa.com\/fr\/#\/schema\/logo\/image\/\",\"url\":\"https:\/\/oemmespa.com\/wp-content\/uploads\/2026\/03\/Logo-Oemme-Completo.png\",\"contentUrl\":\"https:\/\/oemmespa.com\/wp-content\/uploads\/2026\/03\/Logo-Oemme-Completo.png\",\"width\":2160,\"height\":361,\"caption\":\"OEMME SPA\"},\"image\":{\"@id\":\"https:\/\/oemmespa.com\/fr\/#\/schema\/logo\/image\/\"}},{\"@type\":\"Person\",\"@id\":\"https:\/\/oemmespa.com\/fr\/#\/schema\/person\/f0353184d412a5edd9381aa127be1c40\",\"name\":\"Info OemmeSpa\",\"image\":{\"@type\":\"ImageObject\",\"inLanguage\":\"fr-FR\",\"@id\":\"https:\/\/secure.gravatar.com\/avatar\/27d9b83db3e833b42990413e6c8dddafcfda44635ede246aee9b1b3d5718e2d2?s=96&d=mm&r=g\",\"url\":\"https:\/\/secure.gravatar.com\/avatar\/27d9b83db3e833b42990413e6c8dddafcfda44635ede246aee9b1b3d5718e2d2?s=96&d=mm&r=g\",\"contentUrl\":\"https:\/\/secure.gravatar.com\/avatar\/27d9b83db3e833b42990413e6c8dddafcfda44635ede246aee9b1b3d5718e2d2?s=96&d=mm&r=g\",\"caption\":\"Info OemmeSpa\"},\"url\":\"https:\/\/oemmespa.com\/fr\/author\/infooemmespa\/\"}]}<\/script>\n<!-- \/ Yoast SEO plugin. -->","yoast_head_json":{"title":"POR-FESR 2014-2020 Appel \u00e0 propositions DGR 819\/2018 - R\u00e9gion Emilie-Romagne - OEMME SPA","robots":{"index":"noindex","follow":"follow"},"og_locale":"fr_FR","og_type":"article","og_title":"POR-FESR 2014-2020 Appel \u00e0 propositions DGR 819\/2018 - R\u00e9gion Emilie-Romagne - OEMME SPA","og_description":"Nous avons le plaisir de vous annoncer que le 30\/04\/2020 nous avons \u00e9t\u00e9 notifi\u00e9s de la subvention accord\u00e9e par la R\u00e9gion Emilia Romagna dans le cadre des activit\u00e9s de promotion des exportations et de participation aux salons \u00e0 l&rsquo;\u00e9tranger de l&rsquo;appel POR-FESR 2014-2020. Cela nous a permis de financer notre participation en tant qu&rsquo;exposants \u00e0 [&hellip;]","og_url":"https:\/\/oemmespa.com\/fr\/por-fesr-2014-2020-appel-a-propositions-dgr-819-2018-region-emilie-romagne\/","og_site_name":"OEMME SPA","article_published_time":"2026-03-10T17:09:56+00:00","og_image":[{"width":985,"height":206,"url":"https:\/\/oemmespa.com\/wp-content\/uploads\/2018\/11\/progetto-cofinanziato-regione-ER.jpg","type":"image\/jpeg"}],"author":"Info OemmeSpa","twitter_card":"summary_large_image","twitter_misc":{"\u00c9crit par":"Info OemmeSpa","Dur\u00e9e de lecture estim\u00e9e":"1 minute"},"schema":{"@context":"https:\/\/schema.org","@graph":[{"@type":"Article","@id":"https:\/\/oemmespa.com\/fr\/por-fesr-2014-2020-appel-a-propositions-dgr-819-2018-region-emilie-romagne\/#article","isPartOf":{"@id":"https:\/\/oemmespa.com\/fr\/por-fesr-2014-2020-appel-a-propositions-dgr-819-2018-region-emilie-romagne\/"},"author":{"name":"Info OemmeSpa","@id":"https:\/\/oemmespa.com\/fr\/#\/schema\/person\/f0353184d412a5edd9381aa127be1c40"},"headline":"POR-FESR 2014-2020 Appel \u00e0 propositions DGR 819\/2018 &#8211; R\u00e9gion Emilie-Romagne","datePublished":"2026-03-10T17:09:56+00:00","mainEntityOfPage":{"@id":"https:\/\/oemmespa.com\/fr\/por-fesr-2014-2020-appel-a-propositions-dgr-819-2018-region-emilie-romagne\/"},"wordCount":135,"publisher":{"@id":"https:\/\/oemmespa.com\/fr\/#organization"},"image":{"@id":"https:\/\/oemmespa.com\/fr\/por-fesr-2014-2020-appel-a-propositions-dgr-819-2018-region-emilie-romagne\/#primaryimage"},"thumbnailUrl":"https:\/\/oemmespa.com\/wp-content\/uploads\/2018\/11\/progetto-cofinanziato-regione-ER.jpg","articleSection":["News"],"inLanguage":"fr-FR"},{"@type":"WebPage","@id":"https:\/\/oemmespa.com\/fr\/por-fesr-2014-2020-appel-a-propositions-dgr-819-2018-region-emilie-romagne\/","url":"https:\/\/oemmespa.com\/fr\/por-fesr-2014-2020-appel-a-propositions-dgr-819-2018-region-emilie-romagne\/","name":"POR-FESR 2014-2020 Appel \u00e0 propositions DGR 819\/2018 - R\u00e9gion Emilie-Romagne - OEMME SPA","isPartOf":{"@id":"https:\/\/oemmespa.com\/fr\/#website"},"primaryImageOfPage":{"@id":"https:\/\/oemmespa.com\/fr\/por-fesr-2014-2020-appel-a-propositions-dgr-819-2018-region-emilie-romagne\/#primaryimage"},"image":{"@id":"https:\/\/oemmespa.com\/fr\/por-fesr-2014-2020-appel-a-propositions-dgr-819-2018-region-emilie-romagne\/#primaryimage"},"thumbnailUrl":"https:\/\/oemmespa.com\/wp-content\/uploads\/2018\/11\/progetto-cofinanziato-regione-ER.jpg","datePublished":"2026-03-10T17:09:56+00:00","breadcrumb":{"@id":"https:\/\/oemmespa.com\/fr\/por-fesr-2014-2020-appel-a-propositions-dgr-819-2018-region-emilie-romagne\/#breadcrumb"},"inLanguage":"fr-FR","potentialAction":[{"@type":"ReadAction","target":["https:\/\/oemmespa.com\/fr\/por-fesr-2014-2020-appel-a-propositions-dgr-819-2018-region-emilie-romagne\/"]}]},{"@type":"ImageObject","inLanguage":"fr-FR","@id":"https:\/\/oemmespa.com\/fr\/por-fesr-2014-2020-appel-a-propositions-dgr-819-2018-region-emilie-romagne\/#primaryimage","url":"https:\/\/oemmespa.com\/wp-content\/uploads\/2018\/11\/progetto-cofinanziato-regione-ER.jpg","contentUrl":"https:\/\/oemmespa.com\/wp-content\/uploads\/2018\/11\/progetto-cofinanziato-regione-ER.jpg","width":985,"height":206,"caption":"financement_ER"},{"@type":"BreadcrumbList","@id":"https:\/\/oemmespa.com\/fr\/por-fesr-2014-2020-appel-a-propositions-dgr-819-2018-region-emilie-romagne\/#breadcrumb","itemListElement":[{"@type":"ListItem","position":1,"name":"Home","item":"https:\/\/oemmespa.com\/fr\/"},{"@type":"ListItem","position":2,"name":"POR-FESR 2014-2020 Appel \u00e0 propositions DGR 819\/2018 &#8211; R\u00e9gion Emilie-Romagne"}]},{"@type":"WebSite","@id":"https:\/\/oemmespa.com\/fr\/#website","url":"https:\/\/oemmespa.com\/fr\/","name":"OEMME SPA","description":"MACCHINE PER LAVORAZIONE DI SISTEMI IN LEGA LEGGERA","publisher":{"@id":"https:\/\/oemmespa.com\/fr\/#organization"},"potentialAction":[{"@type":"SearchAction","target":{"@type":"EntryPoint","urlTemplate":"https:\/\/oemmespa.com\/fr\/?s={search_term_string}"},"query-input":{"@type":"PropertyValueSpecification","valueRequired":true,"valueName":"search_term_string"}}],"inLanguage":"fr-FR"},{"@type":"Organization","@id":"https:\/\/oemmespa.com\/fr\/#organization","name":"OEMME SPA","url":"https:\/\/oemmespa.com\/fr\/","logo":{"@type":"ImageObject","inLanguage":"fr-FR","@id":"https:\/\/oemmespa.com\/fr\/#\/schema\/logo\/image\/","url":"https:\/\/oemmespa.com\/wp-content\/uploads\/2026\/03\/Logo-Oemme-Completo.png","contentUrl":"https:\/\/oemmespa.com\/wp-content\/uploads\/2026\/03\/Logo-Oemme-Completo.png","width":2160,"height":361,"caption":"OEMME SPA"},"image":{"@id":"https:\/\/oemmespa.com\/fr\/#\/schema\/logo\/image\/"}},{"@type":"Person","@id":"https:\/\/oemmespa.com\/fr\/#\/schema\/person\/f0353184d412a5edd9381aa127be1c40","name":"Info OemmeSpa","image":{"@type":"ImageObject","inLanguage":"fr-FR","@id":"https:\/\/secure.gravatar.com\/avatar\/27d9b83db3e833b42990413e6c8dddafcfda44635ede246aee9b1b3d5718e2d2?s=96&d=mm&r=g","url":"https:\/\/secure.gravatar.com\/avatar\/27d9b83db3e833b42990413e6c8dddafcfda44635ede246aee9b1b3d5718e2d2?s=96&d=mm&r=g","contentUrl":"https:\/\/secure.gravatar.com\/avatar\/27d9b83db3e833b42990413e6c8dddafcfda44635ede246aee9b1b3d5718e2d2?s=96&d=mm&r=g","caption":"Info OemmeSpa"},"url":"https:\/\/oemmespa.com\/fr\/author\/infooemmespa\/"}]}},"_links":{"self":[{"href":"https:\/\/oemmespa.com\/fr\/wp-json\/wp\/v2\/posts\/9360","targetHints":{"allow":["GET"]}}],"collection":[{"href":"https:\/\/oemmespa.com\/fr\/wp-json\/wp\/v2\/posts"}],"about":[{"href":"https:\/\/oemmespa.com\/fr\/wp-json\/wp\/v2\/types\/post"}],"author":[{"embeddable":true,"href":"https:\/\/oemmespa.com\/fr\/wp-json\/wp\/v2\/users\/4"}],"replies":[{"embeddable":true,"href":"https:\/\/oemmespa.com\/fr\/wp-json\/wp\/v2\/comments?post=9360"}],"version-history":[{"count":0,"href":"https:\/\/oemmespa.com\/fr\/wp-json\/wp\/v2\/posts\/9360\/revisions"}],"wp:featuredmedia":[{"embeddable":true,"href":"https:\/\/oemmespa.com\/fr\/wp-json\/wp\/v2\/media\/6736"}],"wp:attachment":[{"href":"https:\/\/oemmespa.com\/fr\/wp-json\/wp\/v2\/media?parent=9360"}],"wp:term":[{"taxonomy":"category","embeddable":true,"href":"https:\/\/oemmespa.com\/fr\/wp-json\/wp\/v2\/categories?post=9360"},{"taxonomy":"post_tag","embeddable":true,"href":"https:\/\/oemmespa.com\/fr\/wp-json\/wp\/v2\/tags?post=9360"}],"curies":[{"name":"wp","href":"https:\/\/api.w.org\/{rel}","templated":true}]}}